{"id":370,"date":"2019-04-03T10:00:56","date_gmt":"2019-04-03T16:00:56","guid":{"rendered":"http:\/\/eredita.mx\/blog\/?p=370"},"modified":"2026-06-23T08:55:22","modified_gmt":"2026-06-23T14:55:22","slug":"deducciones-personales-en-la-declaracion-anual","status":"publish","type":"post","link":"https:\/\/eredita.mx\/blog\/2019\/04\/03\/deducciones-personales-en-la-declaracion-anual\/","title":{"rendered":"Deducciones personales en la declaraci\u00f3n anual"},"content":{"rendered":"<p style=\"text-align: justify;\">Que tal soy el C.P. David Campos,<\/p>\n<p>&nbsp;<\/p>\n<p style=\"text-align: justify;\">Como sabr\u00e1n es temporada de declaraciones, en unos d\u00edas se acaba marzo y las personas morales ya debieron haber presentado su declaraci\u00f3n anual, ahora le toca el turno a las personas f\u00edsicas y siempre entran en duda las siguientes preguntas:<\/p>\n<p>&nbsp;<\/p>\n<p style=\"text-align: justify;\">\u00bfDebo presentar mi declaraci\u00f3n anual? \u00bfVale la pena presentarla? \u00bfMe va a investigar el SAT si solicito un saldo a favor? \u00bfCu\u00e1nto m\u00e1s me pueden devolver?<\/p>\n<p>&nbsp;<\/p>\n<p style=\"text-align: justify;\">Hay personas f\u00edsicas con actividad empresarial que est\u00e1n obligadas a presentar declaraci\u00f3n anual pero en el caso de asalariados es diferente, tienen las opci\u00f3n de presentar la declaraci\u00f3n anual, a mi parecer considero que cuando menos debemos tener el borrador y verificar si tenemos un saldo a favor o a cargo (en teor\u00eda si somos asalariados no deber\u00edamos tener saldo a cargo si nuestro patr\u00f3n realiz\u00f3 correctamente los cobros del ISR).<\/p>\n<p>&nbsp;<\/p>\n<p style=\"text-align: justify;\">Pero la pregunta es: David, \u00bfC\u00f3mo voy a tener un saldo a favor en mi anual si como asalariado no puedo deducir nada?<\/p>\n<p>&nbsp;<\/p>\n<p style=\"text-align: justify;\">La respuesta es sencilla y se llaman DEDUCCIONES PERSONALES.<\/p>\n<p>&nbsp;<\/p>\n<p style=\"text-align: justify;\">Estas deducciones se encuentran tipificadas en la LEY DEL IMPUESTO SOBRE LA RENTA, ah\u00ed podemos identificar cu\u00e1les son esos gastos que siendo persona f\u00edsicas estamos autorizados a deducir \u00fanicamente en la declaraci\u00f3n anual. Obviamente debemos cumplir con todos los requisitos fiscales que exige la ley pero si lo hacemos como piden no tendremos ning\u00fan problema al momento de aplicar la deducci\u00f3n en nuestra declaraci\u00f3n anual.<\/p>\n<p>&nbsp;<\/p>\n<p><img loading=\"lazy\" decoding=\"async\" class=\"alignnone size-full wp-image-385\" src=\"https:\/\/eredita.mx\/blog\/wp-content\/uploads\/2019\/03\/Deducciones.png\" alt=\"\" width=\"910\" height=\"347\" srcset=\"https:\/\/eredita.mx\/blog\/wp-content\/uploads\/2019\/03\/Deducciones.png 910w, https:\/\/eredita.mx\/blog\/wp-content\/uploads\/2019\/03\/Deducciones-470x179.png 470w, https:\/\/eredita.mx\/blog\/wp-content\/uploads\/2019\/03\/Deducciones-768x293.png 768w\" sizes=\"auto, (max-width: 910px) 100vw, 910px\" \/><\/p>\n<p>&nbsp;<\/p>\n<p style=\"text-align: justify;\">A continuaci\u00f3n te presento una lista de las DEDUCCIONES PERSONALES autorizadas:<\/p>\n<p style=\"text-align: justify;\"><strong>Salud<\/strong>.<\/p>\n<ul style=\"text-align: justify;\">\n<li>Honorarios\u00a0m\u00e9dicos, dentales y por servicios profesionales en materia de psicolog\u00eda y nutrici\u00f3n.<\/li>\n<li>Gastos hospitalarios y medicinas incluidas en facturas de hospitales. (No proceden los comprobantes de farmacias)<\/li>\n<li>Honorarios a enfermeras.<\/li>\n<li>An\u00e1lisis, estudios cl\u00ednicos.<\/li>\n<li>Compra o alquiler de aparatos para el restablecimiento o rehabilitaci\u00f3n del paciente.<\/li>\n<li>Pr\u00f3tesis.<\/li>\n<li>Compra de lentes \u00f3pticos graduados para corregir efectos visuales.<\/li>\n<li>Primas por seguros de gastos m\u00e9dicos, complementarios o independientes de los servicios de salud proporcionados por instituciones p\u00fablicas de seguridad social.<\/li>\n<\/ul>\n<p>&nbsp;<\/p>\n<p style=\"text-align: justify;\">\u00a0\u00a0<strong>Educaci\u00f3n.<\/strong><\/p>\n<ul style=\"text-align: justify;\">\n<li>Colegiaturas en instituciones educativas privadas con validez oficial de estudios. Desde nivel preescolar hasta bachillerato o equivalente, por los montos siguientes (l\u00edmite anual de deducci\u00f3n):<\/li>\n<\/ul>\n<p style=\"text-align: justify;\">\u00a0\u00a0\u00a0\u00a0\u00a0\u00a0\u00a0\u00a0\u00a0\u00a0\u00a0\u00a0 &#8211; Preescolar: 14,200 pesos.<\/p>\n<p style=\"text-align: justify;\">\u00a0\u00a0\u00a0\u00a0\u00a0\u00a0\u00a0\u00a0\u00a0\u00a0\u00a0\u00a0 &#8211; Primaria: 12,900 pesos.<\/p>\n<p style=\"text-align: justify;\">\u00a0\u00a0\u00a0\u00a0\u00a0\u00a0\u00a0\u00a0\u00a0\u00a0\u00a0\u00a0 &#8211; Secundaria: 19,900 pesos.<\/p>\n<p style=\"text-align: justify;\">\u00a0\u00a0\u00a0\u00a0\u00a0\u00a0\u00a0\u00a0\u00a0\u00a0\u00a0\u00a0 &#8211; Profesional t\u00e9cnico: 17,100 pesos.<\/p>\n<p style=\"text-align: justify;\">\u00a0\u00a0\u00a0\u00a0\u00a0\u00a0\u00a0\u00a0\u00a0\u00a0\u00a0\u00a0 &#8211; Bachillerato o su equivalente: 24,500 pesos.<\/p>\n<ul style=\"text-align: justify;\">\n<li>Transporte escolar, s\u00f3lo si es obligatorio. *<\/li>\n<\/ul>\n<p>&nbsp;<\/p>\n<p style=\"text-align: justify;\">\u00a0<strong>Otros.<\/strong><\/p>\n<ul style=\"text-align: justify;\">\n<li>Gastos funerarios de tu c\u00f3nyuge o concubino\/a, as\u00ed como para tus padres, abuelos, hijos y nietos, podr\u00e1s realizarlos con cualquier medio de pago y debes contar con la factura.<\/li>\n<li>Intereses reales devengados y efectivamente pagados por cr\u00e9ditos hipotecarios, destinados a tu casa habitaci\u00f3n, contratados con el sistema financiero, INFONAVIT o FOVISSSTE, entre otras, y siempre que el cr\u00e9dito otorgado no exceda de setecientas\u00a0cincuenta\u00a0mil unidades de inversi\u00f3n.<\/li>\n<li>Donativos otorgados a instituciones autorizadas para recibir donativos.<\/li>\n<li>Aportaciones complementarias de retiro realizadas en la subcuenta de aportaciones voluntarias de tus planes personales de retiro (Afore).<\/li>\n<li>El pago por impuestos locales por salarios, cuya tasa no exceda 5%.<\/li>\n<\/ul>\n<p>&nbsp;<\/p>\n<p style=\"text-align: justify;\">Fuente:\u00a0<a href=\"https:\/\/www.sat.gob.mx\/consulta\/23972\/conoce-las-deducciones-personales\">https:\/\/www.sat.gob.mx\/consulta\/23972\/conoce-las-deducciones-personales<\/a><\/p>\n<p>&nbsp;<\/p>\n<p style=\"text-align: justify;\">Hay aspectos generales que se deben cumplir para poder aplicar estas deducciones en tu declaraci\u00f3n anual pero tambi\u00e9n recuerda que cada deducci\u00f3n tiene sus especificaciones, l\u00edmites y restricciones por lo que es muy importante que te asesores con un especialista en el tema fiscal para evitar dolores de cabeza en un futuro.<\/p>\n<p>&nbsp;<\/p>\n<p style=\"text-align: justify;\">La ventaja de las deducciones personales es que si las utilizamos inteligentemente puedes tener un resultado GANAR-GANAR. Por ejemplo: Puedes ahorrar para tu jubilaci\u00f3n y adem\u00e1s hacerlo deducible y recibir un saldo a favor, tambi\u00e9n puedes estar cubierto para un accidente o enfermedad con una p\u00f3liza de gastos m\u00e9dicos mayores y hacerlo deducible en tu declaraci\u00f3n anual, si eres de los que donan a muchas beneficencias puedes ayudar a la gente y adem\u00e1s recibir un saldo a favor, en fin, los beneficios son muchos pero solo si los conoces bien y los sabes aplicar.<\/p>\n<p>&nbsp;<\/p>\n<p>&nbsp;<\/p>\n<p>&nbsp;<\/p>\n<p style=\"text-align: justify;\">Hecho por: Contador P\u00fablico David Campos Andrade<\/p>\n<p style=\"text-align: justify;\">Tel\u00e9fono: 9991 51 03 48<\/p>\n<p style=\"text-align: justify;\">Email de contacto: camposandradedavid@gmail.com<\/p>\n","protected":false},"excerpt":{"rendered":"<p>Que tal soy el C.P. David Campos, &nbsp; Como sabr\u00e1n es temporada de declaraciones, en unos d\u00edas se acaba marzo<a class=\"read-more\" href=\"https:\/\/eredita.mx\/blog\/2019\/04\/03\/deducciones-personales-en-la-declaracion-anual\/\">Leer M\u00e1s<\/a><\/p>\n","protected":false},"author":8,"featured_media":384,"comment_status":"closed","ping_status":"closed","sticky":false,"template":"","format":"standard","meta":{"footnotes":""},"categories":[50,1],"tags":[],"class_list":["post-370","post","type-post","status-publish","format-standard","has-post-thumbnail","hentry","category-ahorro","category-sin-categoria"],"_links":{"self":[{"href":"https:\/\/eredita.mx\/blog\/wp-json\/wp\/v2\/posts\/370","targetHints":{"allow":["GET"]}}],"collection":[{"href":"https:\/\/eredita.mx\/blog\/wp-json\/wp\/v2\/posts"}],"about":[{"href":"https:\/\/eredita.mx\/blog\/wp-json\/wp\/v2\/types\/post"}],"author":[{"embeddable":true,"href":"https:\/\/eredita.mx\/blog\/wp-json\/wp\/v2\/users\/8"}],"replies":[{"embeddable":true,"href":"https:\/\/eredita.mx\/blog\/wp-json\/wp\/v2\/comments?post=370"}],"version-history":[{"count":5,"href":"https:\/\/eredita.mx\/blog\/wp-json\/wp\/v2\/posts\/370\/revisions"}],"predecessor-version":[{"id":386,"href":"https:\/\/eredita.mx\/blog\/wp-json\/wp\/v2\/posts\/370\/revisions\/386"}],"wp:featuredmedia":[{"embeddable":true,"href":"https:\/\/eredita.mx\/blog\/wp-json\/wp\/v2\/media\/384"}],"wp:attachment":[{"href":"https:\/\/eredita.mx\/blog\/wp-json\/wp\/v2\/media?parent=370"}],"wp:term":[{"taxonomy":"category","embeddable":true,"href":"https:\/\/eredita.mx\/blog\/wp-json\/wp\/v2\/categories?post=370"},{"taxonomy":"post_tag","embeddable":true,"href":"https:\/\/eredita.mx\/blog\/wp-json\/wp\/v2\/tags?post=370"}],"curies":[{"name":"wp","href":"https:\/\/api.w.org\/{rel}","templated":true}]}}