{"id":237,"date":"2018-06-20T09:20:23","date_gmt":"2018-06-20T15:20:23","guid":{"rendered":"http:\/\/eredita.mx\/blog\/?p=237"},"modified":"2026-06-23T08:55:22","modified_gmt":"2026-06-23T14:55:22","slug":"mi-retiro-y-pension","status":"publish","type":"post","link":"https:\/\/eredita.mx\/blog\/2018\/06\/20\/mi-retiro-y-pension\/","title":{"rendered":"Mi retiro y pensi\u00f3n"},"content":{"rendered":"<p>\u201c<em>No hay peor ciego que el que no quiere ver\u201d, <\/em>reza el refr\u00e1n popular. Y viene al caso pues mucho se ha dicho que los trabajadores de la llamada \u201cgeneraci\u00f3n afore\u201d afrontar\u00e1n severos problemas econ\u00f3micos al pensionarse a partir de 2021.<\/p>\n<p>Le dar\u00e9 algunos detalles y le compartir\u00e9 un posible esquema de soluci\u00f3n:<\/p>\n<p>La cuant\u00eda de las pensiones de la \u201cgeneraci\u00f3n afore\u201d no sobrepasar\u00e1 el 28 o 30% del \u00faltimo salario devengado, y hasta mucho me parece.<\/p>\n<p>Los porcentajes de aportaci\u00f3n para el retiro son tan bajos que no alcanzar\u00e1n para comprar una renta vitalicia, quiz\u00e1s tampoco un retiro programado, pues aporta el patr\u00f3n 3.150%, el trabajador 1.125% y el Estado 0.225% del salario de cotizaci\u00f3n.<\/p>\n<p>Corresponde a los trabajadores hacer el mayor esfuerzo y pasar gradualmente de una aportaci\u00f3n del 1.125% a m\u00ednimo un 8%.<\/p>\n<p>Debe cambiarse la edad de retiro a m\u00ednimo 65 a\u00f1os e indexar \u00e9sta a la esperanza de vida para con ello asegurar un mayor tiempo de aportaci\u00f3n y acumulaci\u00f3n de ahorro y el periodo m\u00ednimo de cotizaci\u00f3n no debe ser inferior a 30 a\u00f1os, en vez de los 24.03 hoy requeridos.<\/p>\n<p>Los patrones deben declarar al IMSS los salarios reales devengados por sus trabajadores, pues a\u00fan mucho se evade; tambi\u00e9n deber\u00e1 meterse en cintura a empresarios de la econom\u00eda informal, sector en el que existen verdaderos emporios econ\u00f3micos.<\/p>\n<blockquote><p>Debe establecerse un esquema de aportaciones complementarias de retiro, a partes iguales entre trabajador y patr\u00f3n, con tope del 5% del ingreso bruto, a fin de acrecentar los recursos para la compra de pensi\u00f3n; el patr\u00f3n podr\u00e1 reducir la parte por \u00e9l aportada.<\/p><\/blockquote>\n<p>Hoy d\u00eda, quienes cotizan al ISSTE pueden hacer ahorro solidario del 1% o 2% del sueldo b\u00e1sico (SB) y recibir $3.25 por cada peso ahorrado, con l\u00edmite del 100% de la tasa de inflaci\u00f3n.<\/p>\n<p>Sin todo lo anterior, las pensiones de la \u201cgeneraci\u00f3n afore\u201d no pasar\u00e1n de un salario m\u00ednimo mensual para quienes cotizan al IMSS. Si nada cambia y despu\u00e9s de saber el monto de las futuras pensiones de la \u201cgeneraci\u00f3n afore\u201d, la miseria en la vejez est\u00e1 m\u00e1s que garantizada.<\/p>\n<p>El mensaje va tanto para los trabajadores como para los futuros legisladores, la sociedad en general y para quien quede, despu\u00e9s del proceso que concluye el pr\u00f3ximo uno de julio con la elecci\u00f3n de quien habr\u00e1 de gobernarnos por los pr\u00f3ximos seis a\u00f1os.<\/p>\n<p>No es f\u00e1cil tomar el toro por los cuernos; hacerlo tiene un costo pol\u00edtico, pero mayor ser\u00e1 si nada se hace.<\/p>\n<p>Juzgue usted.<\/p>\n<p class=\"p1\"><span class=\"s1\">En Er\u00e9dita somos profesionales en asesoramiento patrimonial y ahorro, ac\u00e9rcate a nosotros para que conozcas los planes que tenemos para ti, nos acoplamos a tu presupuesto para que ahorrar te resulte un h\u00e1bito.<\/span><\/p>\n<p><strong><em>Jaime Guti\u00e9rrez Melchor<\/em><\/strong><\/p>\n<p><strong>\u00a0<\/strong><\/p>\n<p>&nbsp;<\/p>\n","protected":false},"excerpt":{"rendered":"<p>Los trabajadores de la llamada \u201cgeneraci\u00f3n afore\u201d afrontar\u00e1n severos problemas econ\u00f3micos al pensionarse a partir de 2021.<\/p>\n","protected":false},"author":7,"featured_media":238,"comment_status":"closed","ping_status":"closed","sticky":false,"template":"","format":"standard","meta":{"footnotes":""},"categories":[50,1],"tags":[9,45,35],"class_list":["post-237","post","type-post","status-publish","format-standard","has-post-thumbnail","hentry","category-ahorro","category-sin-categoria","tag-ahorro","tag-pension","tag-retiro"],"_links":{"self":[{"href":"https:\/\/eredita.mx\/blog\/wp-json\/wp\/v2\/posts\/237","targetHints":{"allow":["GET"]}}],"collection":[{"href":"https:\/\/eredita.mx\/blog\/wp-json\/wp\/v2\/posts"}],"about":[{"href":"https:\/\/eredita.mx\/blog\/wp-json\/wp\/v2\/types\/post"}],"author":[{"embeddable":true,"href":"https:\/\/eredita.mx\/blog\/wp-json\/wp\/v2\/users\/7"}],"replies":[{"embeddable":true,"href":"https:\/\/eredita.mx\/blog\/wp-json\/wp\/v2\/comments?post=237"}],"version-history":[{"count":2,"href":"https:\/\/eredita.mx\/blog\/wp-json\/wp\/v2\/posts\/237\/revisions"}],"predecessor-version":[{"id":240,"href":"https:\/\/eredita.mx\/blog\/wp-json\/wp\/v2\/posts\/237\/revisions\/240"}],"wp:featuredmedia":[{"embeddable":true,"href":"https:\/\/eredita.mx\/blog\/wp-json\/wp\/v2\/media\/238"}],"wp:attachment":[{"href":"https:\/\/eredita.mx\/blog\/wp-json\/wp\/v2\/media?parent=237"}],"wp:term":[{"taxonomy":"category","embeddable":true,"href":"https:\/\/eredita.mx\/blog\/wp-json\/wp\/v2\/categories?post=237"},{"taxonomy":"post_tag","embeddable":true,"href":"https:\/\/eredita.mx\/blog\/wp-json\/wp\/v2\/tags?post=237"}],"curies":[{"name":"wp","href":"https:\/\/api.w.org\/{rel}","templated":true}]}}